{"id":349,"count":1,"description":"<p>Consultez des articles \u00e9ducatifs sur le cadre r\u00e9glementaire et les obligations professionnelles en m\u00e9decine esth\u00e9tique au Qu\u00e9bec. V\u00e9rifiez toujours les exigences actuelles aupr\u00e8s de votre ordre professionnel avant de choisir une <a href=\"\/fr\/cours\/\">formation de l\u2019AMEQ<\/a>.<\/p>","link":"https:\/\/ameqacademie.ca\/fr\/cadre-reglementaire\/","name":"Cadre r\u00e9glementaire","slug":"cadre-reglementaire","taxonomy":"category","parent":0,"meta":[],"_links":{"self":[{"href":"https:\/\/ameqacademie.ca\/fr\/wp-json\/wp\/v2\/categories\/349","targetHints":{"allow":["GET"]}}],"collection":[{"href":"https:\/\/ameqacademie.ca\/fr\/wp-json\/wp\/v2\/categories"}],"about":[{"href":"https:\/\/ameqacademie.ca\/fr\/wp-json\/wp\/v2\/taxonomies\/category"}],"wp:post_type":[{"href":"https:\/\/ameqacademie.ca\/fr\/wp-json\/wp\/v2\/posts?categories=349"}],"curies":[{"name":"wp","href":"https:\/\/api.w.org\/{rel}","templated":true}]}}