{"id":316,"count":4,"description":"<p>Consultez des articles en fran\u00e7ais sur la formation et les obligations des professionnels de la sant\u00e9 en m\u00e9decine esth\u00e9tique au Qu\u00e9bec. Explorez les <a href=\"\/fr\/cours\/\">cours de l\u2019AMEQ<\/a> offerts aux m\u00e9decins, dentistes et infirmi\u00e8res.<\/p>","link":"https:\/\/ameqacademie.ca\/fr\/medecine-esthetique-au-quebec\/","name":"M\u00e9decine esth\u00e9tique au Qu\u00e9bec","slug":"medecine-esthetique-au-quebec","taxonomy":"category","parent":0,"meta":[],"_links":{"self":[{"href":"https:\/\/ameqacademie.ca\/fr\/wp-json\/wp\/v2\/categories\/316","targetHints":{"allow":["GET"]}}],"collection":[{"href":"https:\/\/ameqacademie.ca\/fr\/wp-json\/wp\/v2\/categories"}],"about":[{"href":"https:\/\/ameqacademie.ca\/fr\/wp-json\/wp\/v2\/taxonomies\/category"}],"wp:post_type":[{"href":"https:\/\/ameqacademie.ca\/fr\/wp-json\/wp\/v2\/posts?categories=316"}],"curies":[{"name":"wp","href":"https:\/\/api.w.org\/{rel}","templated":true}]}}