{"id":213,"count":1,"description":"<p>Consultez des articles destin\u00e9s aux professionnels dentaires du Qu\u00e9bec sur la m\u00e9decine esth\u00e9tique, les obligations professionnelles et les choix de formation. Confirmez les exigences actuelles aupr\u00e8s de l\u2019ODQ et d\u00e9couvrez la <a href=\"\/fr\/fr-formation-pour-les-medecins-2\/\">formation de l\u2019AMEQ pour dentistes<\/a>.<\/p>","link":"https:\/\/ameqacademie.ca\/fr\/cabinet-dentaire-du-quebec\/","name":"Cabinet dentaire du Qu\u00e9bec","slug":"cabinet-dentaire-du-quebec","taxonomy":"category","parent":0,"meta":[],"_links":{"self":[{"href":"https:\/\/ameqacademie.ca\/fr\/wp-json\/wp\/v2\/categories\/213","targetHints":{"allow":["GET"]}}],"collection":[{"href":"https:\/\/ameqacademie.ca\/fr\/wp-json\/wp\/v2\/categories"}],"about":[{"href":"https:\/\/ameqacademie.ca\/fr\/wp-json\/wp\/v2\/taxonomies\/category"}],"wp:post_type":[{"href":"https:\/\/ameqacademie.ca\/fr\/wp-json\/wp\/v2\/posts?categories=213"}],"curies":[{"name":"wp","href":"https:\/\/api.w.org\/{rel}","templated":true}]}}