{"id":163,"count":1,"description":"<p>Trouvez des ressources de formation professionnelle pour les dentistes du Qu\u00e9bec qui \u00e9valuent la m\u00e9decine esth\u00e9tique, les injectables et l\u2019\u00e9valuation faciale. Consultez la <a href=\"\/fr\/fr-formation-pour-les-medecins-2\/\">formation de l\u2019AMEQ pour dentistes<\/a> et v\u00e9rifiez les exigences actuelles de l\u2019ODQ.<\/p>","link":"https:\/\/ameqacademie.ca\/fr\/formation-dentaire-professionnelle\/","name":"Formation dentaire professionnelle","slug":"formation-dentaire-professionnelle","taxonomy":"category","parent":0,"meta":[],"_links":{"self":[{"href":"https:\/\/ameqacademie.ca\/fr\/wp-json\/wp\/v2\/categories\/163","targetHints":{"allow":["GET"]}}],"collection":[{"href":"https:\/\/ameqacademie.ca\/fr\/wp-json\/wp\/v2\/categories"}],"about":[{"href":"https:\/\/ameqacademie.ca\/fr\/wp-json\/wp\/v2\/taxonomies\/category"}],"wp:post_type":[{"href":"https:\/\/ameqacademie.ca\/fr\/wp-json\/wp\/v2\/posts?categories=163"}],"curies":[{"name":"wp","href":"https:\/\/api.w.org\/{rel}","templated":true}]}}