{"id":161,"count":2,"description":"<p>Consultez des articles sur la m\u00e9decine esth\u00e9tique, l\u2019\u00e9valuation faciale et les consid\u00e9rations professionnelles pour les dentistes du Qu\u00e9bec. D\u00e9couvrez le <a href=\"\/fr\/fr-formation-pour-les-medecins-2\/\">parcours de formation de l\u2019AMEQ pour dentistes<\/a>.<\/p>","link":"https:\/\/ameqacademie.ca\/fr\/formation-dentaire\/","name":"Formation dentaire","slug":"formation-dentaire","taxonomy":"category","parent":0,"meta":[],"_links":{"self":[{"href":"https:\/\/ameqacademie.ca\/fr\/wp-json\/wp\/v2\/categories\/161","targetHints":{"allow":["GET"]}}],"collection":[{"href":"https:\/\/ameqacademie.ca\/fr\/wp-json\/wp\/v2\/categories"}],"about":[{"href":"https:\/\/ameqacademie.ca\/fr\/wp-json\/wp\/v2\/taxonomies\/category"}],"wp:post_type":[{"href":"https:\/\/ameqacademie.ca\/fr\/wp-json\/wp\/v2\/posts?categories=161"}],"curies":[{"name":"wp","href":"https:\/\/api.w.org\/{rel}","templated":true}]}}