{"id":115,"count":2,"description":"<p>D\u00e9couvrez des ressources de d\u00e9veloppement professionnel pour les m\u00e9decins, dentistes et infirmi\u00e8res du Qu\u00e9bec qui \u00e9valuent la m\u00e9decine esth\u00e9tique. Consultez les <a href=\"\/fr\/cours\/\">formations de l\u2019AMEQ<\/a> en tenant compte des exigences de votre profession et de votre ordre.<\/p>","link":"https:\/\/ameqacademie.ca\/fr\/developpement-professionnel\/","name":"D\u00e9veloppement professionnel","slug":"developpement-professionnel","taxonomy":"category","parent":0,"meta":[],"_links":{"self":[{"href":"https:\/\/ameqacademie.ca\/fr\/wp-json\/wp\/v2\/categories\/115","targetHints":{"allow":["GET"]}}],"collection":[{"href":"https:\/\/ameqacademie.ca\/fr\/wp-json\/wp\/v2\/categories"}],"about":[{"href":"https:\/\/ameqacademie.ca\/fr\/wp-json\/wp\/v2\/taxonomies\/category"}],"wp:post_type":[{"href":"https:\/\/ameqacademie.ca\/fr\/wp-json\/wp\/v2\/posts?categories=115"}],"curies":[{"name":"wp","href":"https:\/\/api.w.org\/{rel}","templated":true}]}}